{"id":7090,"date":"2025-06-12T16:27:46","date_gmt":"2025-06-12T13:27:46","guid":{"rendered":"https:\/\/osmanlica.web.tr\/?p=7090"},"modified":"2025-06-13T21:37:39","modified_gmt":"2025-06-13T18:37:39","slug":"12-06-2025-tarihli-metin-cevirisi","status":"publish","type":"post","link":"https:\/\/osmanlica.web.tr\/?p=7090","title":{"rendered":"12.06.2025 Tarihli Metin \u00c7evirisi"},"content":{"rendered":"\n<figure class=\"wp-block-image size-full\"><a href=\"https:\/\/osmanlica.web.tr\/wp-content\/uploads\/2025\/06\/20250612_124626.jpg\"><img loading=\"lazy\" decoding=\"async\" width=\"619\" height=\"516\" src=\"https:\/\/osmanlica.web.tr\/wp-content\/uploads\/2025\/06\/20250612_124626.jpg\" alt=\"\" class=\"wp-image-7091\" srcset=\"https:\/\/osmanlica.web.tr\/wp-content\/uploads\/2025\/06\/20250612_124626.jpg 619w, https:\/\/osmanlica.web.tr\/wp-content\/uploads\/2025\/06\/20250612_124626-300x250.jpg 300w\" sizes=\"auto, (max-width: 619px) 100vw, 619px\" \/><\/a><\/figure>\n\n\n\n<p><\/p>\n\n\n\n<p><strong>HAFTANIN EVR\u00c2DI <\/strong><\/p>\n\n\n\n<p>D\u00fcnyev\u00ee-uhrev\u00ee her t\u00fcrl\u00fc sa\u00e2detin celbine ve her nevi&#8217; \u00e2fetin def&#8217;ine, her g\u00fcn\u00fcn evr\u00e2d\u0131na g\u00fcnde y\u00fcz kere devam etmek ecille-i ric\u00e2lullahdan merv\u00eedir. Pazar: Elhamd\u00fclillahi rabbil \u00e2lem\u00een y\u00e2 Fett\u00e2h, Pazartesi:\u0130yyake na&#8217;b\u00fcd\u00fc ve iyyake neste&#8217;\u00een y\u00e2 L\u00e2t\u00eef Sal\u0131: \u011eayril ma\u011fd\u00fbbi aleyhim vele&#8217;d-d\u00e2ll\u00een y\u00e2 Az\u00eez \u00c7ar\u015famba: M\u00e2liki yevmi&#8217;d d\u00een y\u00e2 M\u00fcte&#8217;\u00e2l Per\u015fembe: S\u0131r\u00e2dallez\u00eene en amte aleyhim y\u00e2 Rezz\u00e2k Cuma: Er-Rahm\u00e2ni&#8217;r Rah\u00eem y\u00e2 N\u00fbr Cumartesi: \u0130hdine&#8217;s-s\u0131r\u00e2da&#8217;l-m\u00fcstek\u00eem y\u00e2 \u011eaniyy<\/p>\n","protected":false},"excerpt":{"rendered":"<p>HAFTANIN EVR\u00c2DI D\u00fcnyev\u00ee-uhrev\u00ee her t\u00fcrl\u00fc sa\u00e2detin celbine ve her nevi&#8217; \u00e2fetin def&#8217;ine, her g\u00fcn\u00fcn evr\u00e2d\u0131na g\u00fcnde y\u00fcz kere devam etmek ecille-i ric\u00e2lullahdan merv\u00eedir. Pazar: Elhamd\u00fclillahi&#8230;<\/p>\n","protected":false},"author":2,"featured_media":7092,"comment_status":"closed","ping_status":"closed","sticky":false,"template":"","format":"standard","meta":{"iawp_total_views":37,"footnotes":""},"categories":[1,5,30],"tags":[],"class_list":["post-7090","post","type-post","status-publish","format-standard","has-post-thumbnail","hentry","category-kartlar","category-makale","category-orjinalmetinler","entry"],"_links":{"self":[{"href":"https:\/\/osmanlica.web.tr\/index.php?rest_route=\/wp\/v2\/posts\/7090","targetHints":{"allow":["GET"]}}],"collection":[{"href":"https:\/\/osmanlica.web.tr\/index.php?rest_route=\/wp\/v2\/posts"}],"about":[{"href":"https:\/\/osmanlica.web.tr\/index.php?rest_route=\/wp\/v2\/types\/post"}],"author":[{"embeddable":true,"href":"https:\/\/osmanlica.web.tr\/index.php?rest_route=\/wp\/v2\/users\/2"}],"replies":[{"embeddable":true,"href":"https:\/\/osmanlica.web.tr\/index.php?rest_route=%2Fwp%2Fv2%2Fcomments&post=7090"}],"version-history":[{"count":2,"href":"https:\/\/osmanlica.web.tr\/index.php?rest_route=\/wp\/v2\/posts\/7090\/revisions"}],"predecessor-version":[{"id":7099,"href":"https:\/\/osmanlica.web.tr\/index.php?rest_route=\/wp\/v2\/posts\/7090\/revisions\/7099"}],"wp:featuredmedia":[{"embeddable":true,"href":"https:\/\/osmanlica.web.tr\/index.php?rest_route=\/wp\/v2\/media\/7092"}],"wp:attachment":[{"href":"https:\/\/osmanlica.web.tr\/index.php?rest_route=%2Fwp%2Fv2%2Fmedia&parent=7090"}],"wp:term":[{"taxonomy":"category","embeddable":true,"href":"https:\/\/osmanlica.web.tr\/index.php?rest_route=%2Fwp%2Fv2%2Fcategories&post=7090"},{"taxonomy":"post_tag","embeddable":true,"href":"https:\/\/osmanlica.web.tr\/index.php?rest_route=%2Fwp%2Fv2%2Ftags&post=7090"}],"curies":[{"name":"wp","href":"https:\/\/api.w.org\/{rel}","templated":true}]}}