{"id":7070,"date":"2025-06-10T18:39:25","date_gmt":"2025-06-10T15:39:25","guid":{"rendered":"https:\/\/osmanlica.web.tr\/?p=7070"},"modified":"2025-06-10T19:09:37","modified_gmt":"2025-06-10T16:09:37","slug":"10-06-2025-tarihli-metin-cevirisi","status":"publish","type":"post","link":"https:\/\/osmanlica.web.tr\/?p=7070","title":{"rendered":"10.06.2025 Tarihli Metin \u00c7evirisi"},"content":{"rendered":"\n<figure class=\"wp-block-image size-full\"><a href=\"https:\/\/osmanlica.web.tr\/wp-content\/uploads\/2025\/06\/IMG_20250610_190211.jpg\"><img loading=\"lazy\" decoding=\"async\" width=\"621\" height=\"436\" src=\"https:\/\/osmanlica.web.tr\/wp-content\/uploads\/2025\/06\/IMG_20250610_190211.jpg\" alt=\"\" class=\"wp-image-7080\" srcset=\"https:\/\/osmanlica.web.tr\/wp-content\/uploads\/2025\/06\/IMG_20250610_190211.jpg 621w, https:\/\/osmanlica.web.tr\/wp-content\/uploads\/2025\/06\/IMG_20250610_190211-300x211.jpg 300w\" sizes=\"auto, (max-width: 621px) 100vw, 621px\" \/><\/a><\/figure>\n\n\n\n<p><strong>Kabata\u015f\u2019ta Mukime Zehra Han\u0131m\u2019a<\/strong><\/p>\n\n\n\n<p>Alay 21, Tabur 1, B\u00f6l\u00fck 1, zevciniz Y\u00fczba\u015f\u0131 K\u00e2z\u0131m Efendi bin H\u00fcseyin, 14 Nisan 1331 tarihinde Sedd\u00fclbahir muharebesinde, bir Osmanl\u0131 askerine yak\u0131\u015fan kahramanl\u0131k ve fedak\u00e2rl\u0131kla \u015fehit oldu. Din-i celil-i \u0130sl\u00e2m\u2019\u0131n ve mukaddes vatan\u0131n m\u00fcdafaas\u0131 u\u011frunda hayat\u0131n\u0131 feda edenlerin arkalar\u0131nda b\u0131rakt\u0131klar\u0131na d\u00fc\u015fen vazife yeis ve f\u00fctur de\u011fil, fahr ve s\u00fcr\u00fbrdur. B\u00fct\u00fcn arkada\u015flar\u0131 gibi, merhumun da k\u0131ymetli hat\u0131ras\u0131n\u0131n yaln\u0131z sizin de\u011fil daha b\u00fcy\u00fck ailesi olan ordunun kalbinde ebediyen sakl\u0131 kalaca\u011f\u0131na ve intikam\u0131n\u0131n d\u00fc\u015fmanlar\u0131m\u0131zdan al\u0131naca\u011f\u0131na emin ve bununla m\u00fcteselli olunuz. Muhterem \u015fehidin b\u00fct\u00fcn yak\u0131nlar\u0131 ve sevenleri i\u00e7in Allah\u2019tan ecir ve sab\u0131r tazarru ederek beyan-\u0131 h\u00fcrmet eylerim.<\/p>\n\n\n\n<p>Ba\u015fkumandan Vekili<\/p>\n\n\n\n<p>Enver<\/p>\n","protected":false},"excerpt":{"rendered":"<p>Kabata\u015f\u2019ta Mukime Zehra Han\u0131m\u2019a Alay 21, Tabur 1, B\u00f6l\u00fck 1, zevciniz Y\u00fczba\u015f\u0131 K\u00e2z\u0131m Efendi bin H\u00fcseyin, 14 Nisan 1331 tarihinde Sedd\u00fclbahir muharebesinde, bir Osmanl\u0131 askerine&#8230;<\/p>\n","protected":false},"author":2,"featured_media":7079,"comment_status":"closed","ping_status":"closed","sticky":false,"template":"","format":"standard","meta":{"iawp_total_views":53,"footnotes":""},"categories":[1,5,30],"tags":[],"class_list":["post-7070","post","type-post","status-publish","format-standard","has-post-thumbnail","hentry","category-kartlar","category-makale","category-orjinalmetinler","entry"],"_links":{"self":[{"href":"https:\/\/osmanlica.web.tr\/index.php?rest_route=\/wp\/v2\/posts\/7070","targetHints":{"allow":["GET"]}}],"collection":[{"href":"https:\/\/osmanlica.web.tr\/index.php?rest_route=\/wp\/v2\/posts"}],"about":[{"href":"https:\/\/osmanlica.web.tr\/index.php?rest_route=\/wp\/v2\/types\/post"}],"author":[{"embeddable":true,"href":"https:\/\/osmanlica.web.tr\/index.php?rest_route=\/wp\/v2\/users\/2"}],"replies":[{"embeddable":true,"href":"https:\/\/osmanlica.web.tr\/index.php?rest_route=%2Fwp%2Fv2%2Fcomments&post=7070"}],"version-history":[{"count":5,"href":"https:\/\/osmanlica.web.tr\/index.php?rest_route=\/wp\/v2\/posts\/7070\/revisions"}],"predecessor-version":[{"id":7081,"href":"https:\/\/osmanlica.web.tr\/index.php?rest_route=\/wp\/v2\/posts\/7070\/revisions\/7081"}],"wp:featuredmedia":[{"embeddable":true,"href":"https:\/\/osmanlica.web.tr\/index.php?rest_route=\/wp\/v2\/media\/7079"}],"wp:attachment":[{"href":"https:\/\/osmanlica.web.tr\/index.php?rest_route=%2Fwp%2Fv2%2Fmedia&parent=7070"}],"wp:term":[{"taxonomy":"category","embeddable":true,"href":"https:\/\/osmanlica.web.tr\/index.php?rest_route=%2Fwp%2Fv2%2Fcategories&post=7070"},{"taxonomy":"post_tag","embeddable":true,"href":"https:\/\/osmanlica.web.tr\/index.php?rest_route=%2Fwp%2Fv2%2Ftags&post=7070"}],"curies":[{"name":"wp","href":"https:\/\/api.w.org\/{rel}","templated":true}]}}